{"id":19003,"date":"2024-08-29T00:00:00","date_gmt":"2024-08-29T00:00:00","guid":{"rendered":"https:\/\/dev.intermundial.bisiestodeveloper.es\/viajar-para-a-suica\/"},"modified":"2024-09-19T00:00:00","modified_gmt":"2024-09-19T00:00:00","slug":"viajar-para-a-suica","status":"publish","type":"post","link":"https:\/\/www.intermundial.pt\/blog\/viajar-para-a-suica","title":{"rendered":"Dicas essenciais para viajar para a Su\u00ed\u00e7a"},"content":{"rendered":"\n<p class=\"wp-block-paragraph\">Paisagens alpinas, uma hist\u00f3ria rica em todo o seu territ\u00f3rio e uma grande variedade de actividades culturais e desportivas esperam por si se decidir <strong id=\"\">viajar para a Su\u00ed\u00e7a<\/strong>. Localizada no cora\u00e7\u00e3o da Europa, a Su\u00ed\u00e7a \u00e9 um Destinos imperd\u00edvel para quem deseja ter uma experi\u00eancia de viagem \u00fanica e inesquec\u00edvel. Ao longo desse post que preparamos no <a href=\"https:\/\/www.intermundial.pt\/\" id=\"\">Intermundial<\/a>, vamos falar sobre as melhores dicas para visitar esse pa\u00eds e fazer dele uma experi\u00eancia incr\u00edvel.<\/p>\n\n\n\n<p class=\"wp-block-paragraph\">Um dos primeiros conselhos essenciais para viajar para a Su\u00ed\u00e7a \u00e9 fazer um <a href=\"https:\/\/www.intermundial.pt\/seguro-de-viagem\/seguro-totaltravel\" id=\"\">seguro de viagem<\/a> completo, com uma vasta gama de coberturas. Com o seguro de viagem, estar\u00e1 coberto para muitas coisas, como ter de ir ao m\u00e9dico por motivos de sa\u00fade, perder uma reserva devido a atrasos nos voos ou ter de cancelar a sua viagem \u00e0 \u00faltima hora por motivos pessoais.<\/p>\n\n\n\n<h2 class=\"wp-block-heading\">Saiba mais sobre a Su\u00ed\u00e7a, o seu pr\u00f3ximo Destinos<\/h2>\n\n\n\n<p class=\"wp-block-paragraph\">Seguem-se algumas informa\u00e7\u00f5es essenciais para que a sua viagem \u00e0 Su\u00ed\u00e7a seja uma \u00f3ptima viagem:<\/p>\n\n\n\n<h3 class=\"wp-block-heading\">Documentos essenciais para a sua entrada<\/h3>\n\n\n\n<p class=\"wp-block-paragraph\">Uma das grandes vantagens de viajar para a Su\u00ed\u00e7a \u00e9 o facto de os cidad\u00e3os com passaporte europeu <strong id=\"\">n\u00e3o terem de cumprir quaisquer requisitos especiais<\/strong>. O importante \u00e9 ter um passaporte ou bilhete de identidade v\u00e1lido ou, se tiver caducado, que n\u00e3o tenha mais de cinco anos.<\/p>\n\n\n\n<p class=\"wp-block-paragraph\">Em geral, as viagens com uma estadia inferior a 90 dias, mesmo para os cidad\u00e3os n\u00e3o europeus, n\u00e3o requerem outras formalidades. No entanto, se for esse o seu caso ou se estiver a viajar em trabalho, ser\u00e1 necess\u00e1rio apresentar documenta\u00e7\u00e3o adicional, como um bilhete de regresso ao seu Destinos de origem, um comprovativo de alojamento para toda a estadia, um comprovativo de viagem e um comprovativo dos meios financeiros necess\u00e1rios para sustentar a sua resid\u00eancia durante esses 90 dias.<\/p>\n\n\n\n<p class=\"wp-block-paragraph\">\u00c9 de notar que, para algumas nacionalidades e resid\u00eancias superiores a 90 dias, \u00e9 necess\u00e1rio um visto Schengen. No entanto, se for um cidad\u00e3o europeu, este facto n\u00e3o dever\u00e1 constituir uma preocupa\u00e7\u00e3o.<\/p>\n\n\n\n<h3 class=\"wp-block-heading\">Quanto dinheiro levar consigo na sua viagem \u00e0 Su\u00ed\u00e7a?<\/h3>\n\n\n\n<p class=\"wp-block-paragraph\">Sabemos bem que a Su\u00ed\u00e7a \u00e9 um dos Destinoss mais atractivos da Europa. No entanto, tem uma certa reputa\u00e7\u00e3o de ser um dos mais caros. Mas sabe que mais? \u00c9 perfeitamente poss\u00edvel viajar para a Su\u00ed\u00e7a com um pouco de planeamento e transformar este para\u00edso alpino numa experi\u00eancia que n\u00e3o vai quebrar as suas poupan\u00e7as.<\/p>\n\n\n\n<p class=\"wp-block-paragraph\">Quanto pode custar uma viagem de 7 dias \u00e0 Su\u00ed\u00e7a? \u00c9 \u00f3bvio que dar um valor exato \u00e9 complicado, pois as despesas dependem das prefer\u00eancias e necessidades de cada viajante. No entanto, inqu\u00e9ritos e dados mostram que <strong id=\"\">os turistas tendem a gastar entre CHF 100 e CHF 200 por dia em alojamento e alimenta\u00e7\u00e3o<\/strong>, sem contar com os custos de transporte de e para o pa\u00eds e com o pagamento de outras atrac\u00e7\u00f5es.<\/p>\n\n\n\n<p class=\"wp-block-paragraph\">E falando um pouco mais sobre a moeda, recordemos que neste pa\u00eds se trabalha com o franco su\u00ed\u00e7o, uma moeda muito est\u00e1vel e fi\u00e1vel que se pode trocar facilmente nas ag\u00eancias banc\u00e1rias ou nas caixas autom\u00e1ticas. No momento desta publica\u00e7\u00e3o, a taxa de c\u00e2mbio para ambas as moedas era muito equilibrada, por exemplo, <strong id=\"\">por 100 EUR poderia receber 97,54 CHF.<\/strong> No entanto, algumas lojas aceitam euros e, claro, cart\u00f5es de cr\u00e9dito.<\/p>\n\n\n\n<h3 class=\"wp-block-heading\">Como comunicar com a Su\u00ed\u00e7a?<\/h3>\n\n\n\n<p class=\"wp-block-paragraph\">Se h\u00e1 uma coisa que deve saber sobre os su\u00ed\u00e7os, \u00e9 que s\u00e3o uma sociedade multilingue. Isto significa que o pa\u00eds reconhece <strong id=\"\">quatro l\u00ednguas como \u00abl\u00ednguas oficiais\u00bb.<\/strong> Naturalmente, estes falantes encontram-se por todo o pa\u00eds, em grande parte nas fronteiras das outras na\u00e7\u00f5es com as quais faz fronteira.<\/p>\n\n\n\n<p class=\"wp-block-paragraph\">Ent\u00e3o, em que l\u00ednguas adaptadas pode se comunicar com os habitantes locais quando viaja na Su\u00ed\u00e7a? <strong id=\"\">Alem\u00e3o, franc\u00eas, italiano e romanche<\/strong>. Esta \u00faltima, ali\u00e1s, \u00e9 a l\u00edngua nacional mais pequena, reconhecida oficialmente em 1996, que tomou emprestado muito vocabul\u00e1rio e sintaxe do alem\u00e3o e que \u00e9 frequentemente ignorada pelos viajantes internacionais.<\/p>\n\n\n\n<p class=\"wp-block-paragraph\">Com uma escolha t\u00e3o vasta de l\u00ednguas neste estado alpino, \u00e9 muito prov\u00e1vel que n\u00e3o tenha dificuldade em comunicar com os v\u00e1rios habitantes locais, empresas e locais para tornar a sua visita mais confort\u00e1vel, segura e agrad\u00e1vel.<\/p>\n\n\n\n<figure class=\"wp-block-image w-richtext-figure-type-image w-richtext-align-center\"><img decoding=\"async\" src=\"https:\/\/dev.intermundial.bisiestodeveloper.es\/wp-content\/uploads\/2026\/02\/67160d7bb9b344e6305cfc56_dicas-para-viajar-na-suica.jpeg\" alt=\"dicas-para-viajar-na-su\u00ed\u00e7a\"\/><\/figure>\n\n\n\n<h3 class=\"wp-block-heading\">Cuidados de sa\u00fade<\/h3>\n\n\n\n<p class=\"wp-block-paragraph\">Para al\u00e9m das suas belas paisagens e da sua cultura vibrante, um aspeto importante a ter em conta \u00e9 o facto de o pa\u00eds dispor de um sistema de sa\u00fade de elevada qualidade. Para os cidad\u00e3os da UE, <strong id=\"\">o Cart\u00e3o Europeu de Seguro de Doen\u00e7a (CESD) \u00e9 vital na altura da viagem, pois permite o acesso a cuidados m\u00e9dicos b\u00e1sicos durante a sua estadia. <\/strong><\/p>\n\n\n\n<p class=\"wp-block-paragraph\">\u00c9 claro que o CESD n\u00e3o cobre todas as despesas, como os co-pagamentos, as franquias ou tratamentos m\u00e9dicos espec\u00edficos.<\/p>\n\n\n\n<p class=\"wp-block-paragraph\">O que fazer a este respeito? <strong id=\"\">Fazer um seguro de viagem adicional para complementar o EHIC<\/strong>. A raz\u00e3o para isso \u00e9 que, em caso de despesas m\u00e9dicas elevadas, especialmente em cl\u00ednicas privadas, que s\u00e3o comuns na Su\u00ed\u00e7a, o seguro cobrir\u00e1 em caso de despesas m\u00e9dicas elevadas. E sabe em que casos este tipo de seguro extra ser\u00e1 mais importante? Para quem pratica desportos de inverno ou caminhadas, o apoio \u00e9 certamente essencial, especialmente se o seguro incluir uma cl\u00e1usula para salvamentos em montanha.<\/p>\n\n\n\n<h3 class=\"wp-block-heading\">Mantenha-se ligado com um cart\u00e3o SIM<\/h3>\n\n\n\n<p class=\"wp-block-paragraph\">Qual \u00e9 a melhor forma de manter as suas comunica\u00e7\u00f5es activas, carregar tudo nas suas redes e n\u00e3o gastar demasiado quando viaja para a Su\u00ed\u00e7a? Comprar um cart\u00e3o SIM. Na Su\u00ed\u00e7a, encontra v\u00e1rias op\u00e7\u00f5es para comprar um cart\u00e3o SIM e manter-se ligado durante a sua viagem.<\/p>\n\n\n\n<p class=\"wp-block-paragraph\">Desde a sua chegada ao aeroporto ou \u00e0 esta\u00e7\u00e3o de comboios, nas diferentes lojas, quiosques ou esta\u00e7\u00f5es de correio, <strong id=\"\">pode escolher entre os diferentes operadores Swisscom, Sunrise e Salt<\/strong>, onde pode comprar cart\u00f5es SIM pr\u00e9-pagos e receber aconselhamento personalizado.<\/p>\n\n\n\n<p class=\"wp-block-paragraph\">N\u00e3o se esque\u00e7a de que os hot\u00e9is e os restaurantes oferecem Wi-Fi gratuito, por isso aproveite para se ligar, mas <strong id=\"\">utilize uma VPN para proteger os seus dados<\/strong> e navegar em seguran\u00e7a.<\/p>\n\n\n\n<h2 class=\"wp-block-heading\">Locais a visitar na Su\u00ed\u00e7a<\/h2>\n\n\n\n<p class=\"wp-block-paragraph\">Eis uma lista de locais a visitar durante a sua estadia na Su\u00ed\u00e7a:<\/p>\n\n\n\n<h3 class=\"wp-block-heading\">Genebra<\/h3>\n\n\n\n<p class=\"wp-block-paragraph\">A cidade de Genebra espera-o para o encantar com a sua majestade. Sede de importantes organiza\u00e7\u00f5es internacionais, como a ONU e a Cruz Vermelha, Genebra oferece uma s\u00e9rie de atrac\u00e7\u00f5es aos seus visitantes.<\/p>\n\n\n\n<p class=\"wp-block-paragraph\">O que fazer quando se viaja para a Su\u00ed\u00e7a e se visita Genebra? <strong id=\"\">Assistir ao espet\u00e1culo do \u00abjet d&#8217;eau\u00bb, a<\/strong> imponente fonte que lan\u00e7a um jato de \u00e1gua a uma altura de 140 metros, o que \u00e9 muito confort\u00e1vel e ideal para fazer a partir do cais Gustave-Ador ou do Jardin Anglais.<\/p>\n\n\n\n<p class=\"wp-block-paragraph\">Outra visita fant\u00e1stica \u00e9 o <strong id=\"\">Horloge Fleurie, o rel\u00f3gio floral composto por mais de 2000 flores vivas<\/strong> e que muda de design a cada esta\u00e7\u00e3o. Um verdadeiro s\u00edmbolo da precis\u00e3o su\u00ed\u00e7a e da paix\u00e3o pela natureza.<\/p>\n\n\n\n<h3 class=\"wp-block-heading\">Castelo de Chillon<\/h3>\n\n\n\n<p class=\"wp-block-paragraph\">No extremo oposto do Lago L\u00e9man encontra-se o Ch\u00e2teau de Chillon. Esta fortaleza medieval \u00e9 a <strong id=\"\">fonte de inspira\u00e7\u00e3o para algumas das obras liter\u00e1rias mais representativas<\/strong> de escritores como Rousseau, Victor Hugo, Alexandre Dumas e Lord Byron.<\/p>\n\n\n\n<p class=\"wp-block-paragraph\">Pode fazer uma visita guiada ao seu interior e mergulhar no passado escondido entre as suas paredes. No entanto, tamb\u00e9m ficar\u00e1 impressionado com o seu exterior, uma vez que este castelo se encontra numa pequena ilha rochosa, rodeado pelas \u00e1guas calmas do Lago de Genebra e com os imponentes Dents du Midi como pano de fundo.<\/p>\n\n\n\n<h3 class=\"wp-block-heading\">Zurique<\/h3>\n\n\n\n<p class=\"wp-block-paragraph\">Zurique, a maior cidade da Su\u00ed\u00e7a. Logo \u00e0 chegada, sentir-se-\u00e1 transportado no tempo, gra\u00e7as \u00e0s suas ruas medievais e \u00e0 sua arquitetura tradicional. O convite para viajar para a Su\u00ed\u00e7a e conhecer este Destinos \u00e9 <strong id=\"\">dar um passeio pela sua cidade velha.<\/strong><\/p>\n\n\n\n<p class=\"wp-block-paragraph\">Admire os edif\u00edcios que datam do s\u00e9culo XIII, perca-se nas ruas calcetadas e deixe-se maravilhar pela beleza da Igreja <strong id=\"\">da Abadia de Fraum\u00fcnster<\/strong>, fundada no s\u00e9culo IX. Quando l\u00e1 estiver, admire os seus vitrais e a sua arquitetura. \u00c9, sem d\u00favida, um edif\u00edcio fundamental na paisagem da cidade.<\/p>\n\n\n\n<h3 class=\"wp-block-heading\">Zermatt e o Matterhorn<\/h3>\n\n\n\n<p class=\"wp-block-paragraph\">No cora\u00e7\u00e3o dos Alpes su\u00ed\u00e7os encontra-se Zermatt, uma aldeia pitoresca que se tornou um para\u00edso para os amantes do esqui e da natureza. Rodeada por picos imponentes, incluindo o majestoso Matterhorn, conhecido pela sua forma piramidal e por <strong id=\"\">ser a imagem do chocolate Toblerone<\/strong>, Zermatt oferece uma experi\u00eancia alpina sem paralelo.<\/p>\n\n\n\n<p class=\"wp-block-paragraph\">Este Destinos \u00e9 adequado tanto para os entusiastas do esqui, oferecendo mais de 360 quil\u00f3metros de pistas para todos os n\u00edveis, como para uma est\u00e2ncia com uma grande variedade de hot\u00e9is e restaurantes do mais alto n\u00edvel.<\/p>\n\n\n\n<p class=\"wp-block-paragraph\">No entanto, Zermatt n\u00e3o \u00e9 apenas para os entusiastas do esqui. A beleza natural da regi\u00e3o torna-a um Destinos perfeito para quem quer desfrutar da natureza na sua forma mais pura. Pode desfrutar de v\u00e1rias actividades ao ar livre, como caminhadas, montanhismo, ciclismo ou simplesmente passear pelas ruas da aldeia e admirar as vistas de cortar a respira\u00e7\u00e3o.<\/p>\n\n\n\n<figure class=\"wp-block-image w-richtext-figure-type-image w-richtext-align-center\"><img decoding=\"async\" src=\"https:\/\/dev.intermundial.bisiestodeveloper.es\/wp-content\/uploads\/2026\/02\/67160d7bb9b344e6305cfc5a_conselhos-para-viajar-para-a-suica.jpeg\" alt=\"conselhos-para-viajar-para-a-su\u00ed\u00e7a\"\/><\/figure>\n\n\n\n<h2 class=\"wp-block-heading\">Pratos imperd\u00edveis durante a sua visita \u00e0 Su\u00ed\u00e7a<\/h2>\n\n\n\n<p class=\"wp-block-paragraph\">Durante a sua visita \u00e0 Su\u00ed\u00e7a, poder\u00e1 provar a sua incr\u00edvel gastronomia. Aqui est\u00e3o alguns dos pratos mais famosos:<\/p>\n\n\n\n<h3 class=\"wp-block-heading\">Raclette, o sabor da verdadeira Su\u00ed\u00e7a<\/h3>\n\n\n\n<p class=\"wp-block-paragraph\">Saboreie a tradi\u00e7\u00e3o su\u00ed\u00e7a com a Raclette, um prato ic\u00f3nico que o ir\u00e1 cativar. O queijo derretido numa frigideira especial, acompanhado de batatas, legumes, fruta e salsichas, cria uma experi\u00eancia culin\u00e1ria irresist\u00edvel.<\/p>\n\n\n\n<h3 class=\"wp-block-heading\">Fondue su\u00ed\u00e7o, uma experi\u00eancia de partilha<\/h3>\n\n\n\n<p class=\"wp-block-paragraph\">Se h\u00e1 uma coisa que \u00e9 emblem\u00e1tica da Su\u00ed\u00e7a, \u00e9 o fondue. Um banho cremoso de queijos derretidos, como o gruy\u00e8re, o emmental ou o vacherin, espera-o para mergulhar peda\u00e7os de p\u00e3o e deliciar o seu paladar com o seu sabor forte e carater\u00edstico.<\/p>\n\n\n\n<p class=\"wp-block-paragraph\">Existem outras op\u00e7\u00f5es para este prato? \u00c9 claro que existem! Pode desfrutar de fondue de carne com molho e at\u00e9 de fondue de chocolate. Sem d\u00favida, um prato obrigat\u00f3rio nesta viagem que <strong id=\"\">vai querer preparar em casa<\/strong>.<\/p>\n\n\n\n<h3 class=\"wp-block-heading\">Tarte flamb\u00e9e, um sabor que mistura culturas<\/h3>\n\n\n\n<p class=\"wp-block-paragraph\">A tarte flamb\u00e9e \u00e9 um exemplo delicioso da influ\u00eancia alem\u00e3 na cozinha su\u00ed\u00e7a. A sua ess\u00eancia reside numa massa de p\u00e3o estaladi\u00e7a sobre a qual se espalha uma mistura de queijo, cebola e bacon. Uma combina\u00e7\u00e3o simples mas irresist\u00edvel que evoluiu para muitas vers\u00f5es, incluindo alternativas doces.<\/p>\n\n\n\n<h3 class=\"wp-block-heading\">Streusel, uma tradi\u00e7\u00e3o doce germano-su\u00ed\u00e7a<\/h3>\n\n\n\n<p class=\"wp-block-paragraph\">O Streusel \u00e9 uma sobremesa ou um snack cl\u00e1ssico su\u00ed\u00e7o, que completa a experi\u00eancia culin\u00e1ria e real\u00e7a a estreita rela\u00e7\u00e3o cultural entre estes pa\u00edses vizinhos. Na sua ess\u00eancia, o Streusel \u00e9 uma prepara\u00e7\u00e3o \u00e0 base de massa estaladi\u00e7a, feita com farinha, manteiga e a\u00e7\u00facar, coberta com uma mistura irresist\u00edvel de nozes, a\u00e7\u00facar e canela. A combina\u00e7\u00e3o de texturas e sabores faz com que seja um deleite para o paladar.<\/p>\n\n\n\n<h3 class=\"wp-block-heading\">Su\u00ed\u00e7a, um para\u00edso para os amantes do chocolate<\/h3>\n\n\n\n<p class=\"wp-block-paragraph\">A Su\u00ed\u00e7a \u00e9 um nirvana para os gourmands, especialmente para o chocolate, onde se atinge um n\u00edvel inigual\u00e1vel de qualidade e variedade. O segredo do chocolate su\u00ed\u00e7o reside na sua receita \u00fanica: leite, nozes, am\u00eandoas, avel\u00e3s e outros ingredientes selecionados combinam-se para criar uma experi\u00eancia sensorial sem paralelo.<\/p>\n\n\n\n<p class=\"wp-block-paragraph\">As op\u00e7\u00f5es s\u00e3o infinitas: tabletes de chocolate, barras, bombons, trufas, chocolate quente, etc. Um universo de sabores espera por si, desde o cl\u00e1ssico chocolate de leite at\u00e9 op\u00e7\u00f5es mais ex\u00f3ticas como laranja, menta, baunilha, caf\u00e9 ou fruta.<\/p>\n\n\n\n<h2 class=\"wp-block-heading\">As melhores formas de se deslocar na Su\u00ed\u00e7a<\/h2>\n\n\n\n<p class=\"wp-block-paragraph\">Quando se viaja para a Su\u00ed\u00e7a, \u00e9 f\u00e1cil deslocar-se. Existem muitas op\u00e7\u00f5es e pode tirar o m\u00e1ximo partido da sua viagem. Os transportes p\u00fablicos s\u00e3o ideais se estiver sozinho. A rede ferrovi\u00e1ria su\u00ed\u00e7a \u00e9 uma das melhores do mundo e liga as principais cidades com pontualidade, conforto e efici\u00eancia.<\/p>\n\n\n\n<p class=\"wp-block-paragraph\">Os autocarros e os el\u00e9ctricos completam a rede de transportes p\u00fablicos, chegando a Destinoss mais pequenos ou menos acess\u00edveis por comboio. S\u00e3o uma op\u00e7\u00e3o pr\u00e1tica e econ\u00f3mica para viagens curtas ou para fazer a liga\u00e7\u00e3o com as esta\u00e7\u00f5es de comboio.<\/p>\n\n\n\n<p class=\"wp-block-paragraph\">No entanto, existe a alternativa de alugar um carro e poder ir muito mais confortavelmente com toda a sua bagagem, fam\u00edlia ou guia tur\u00edstico e fazer desta experi\u00eancia a melhor da sua vida.<\/p>\n\n\n\n<h2 class=\"wp-block-heading\">Tire o m\u00e1ximo partido da sua viagem \u00e0 Su\u00ed\u00e7a com o Intermundial<\/h2>\n\n\n\n<p class=\"wp-block-paragraph\">Com tudo isso, temos certeza de que j\u00e1 tem todas as informa\u00e7\u00f5es necess\u00e1rias para viajar para a Su\u00ed\u00e7a e viver uma experi\u00eancia \u00fanica e inesquec\u00edvel. Mas antes de preparar a sua viagem, \u00e9 importante que siga a seguinte recomenda\u00e7\u00e3o: contrate <a href=\"https:\/\/www.intermundial.pt\/seguro-de-viagem\/seguro-totaltravel\" id=\"\">um seguro de viagem<\/a> completo com a Intermundial. Este seguro mant\u00ea-lo-\u00e1 protegido em muitas situa\u00e7\u00f5es, receber cuidados de sa\u00fade sem ter que pagar antecipadamente, perder uma reserva devido a atrasos ou, finalmente, ter de cancelar a sua viagem.<\/p>\n","protected":false},"excerpt":{"rendered":"<p>Paisagens alpinas, uma hist\u00f3ria rica em todo o seu territ\u00f3rio e uma grande variedade de actividades culturais e desportivas esperam por si se decidir viajar para a Su\u00ed\u00e7a. Localizada no cora\u00e7\u00e3o da Europa, a Su\u00ed\u00e7a \u00e9 um Destinos imperd\u00edvel para quem deseja ter uma experi\u00eancia de viagem \u00fanica e inesquec\u00edvel. Ao longo desse post que [&hellip;]<\/p>\n","protected":false},"author":6,"featured_media":19007,"comment_status":"open","ping_status":"open","sticky":false,"template":"","format":"standard","meta":{"_acf_changed":false,"im_post_views":254,"im_post_updated_override":"Thu Sep 19 2024 00:00:00 GMT+0000 (Coordinated Universal Time)","footnotes":""},"categories":[1],"tags":[],"class_list":["post-19003","post","type-post","status-publish","format-standard","has-post-thumbnail","hentry","category-uncategorized"],"acf":[],"yoast_head":"<!-- This site is optimized with the Yoast SEO plugin v28.2 - https:\/\/yoast.com\/product\/yoast-seo-wordpress\/ -->\n<title>Dicas essenciais para viajar para a Su\u00ed\u00e7a<\/title>\n<meta name=\"description\" content=\"longo desse post que preparamos no Intermundial, vamos falar sobre as melhores dicas para visitar Su\u00ed\u00e7a e fazer dele uma experi\u00eancia incr\u00edvel.\" \/>\n<meta name=\"robots\" content=\"index, follow, max-snippet:-1, max-image-preview:large, max-video-preview:-1\" \/>\n<link rel=\"canonical\" href=\"https:\/\/www.intermundial.pt\/blog\/viajar-para-a-suica\" \/>\n<meta property=\"og:locale\" content=\"es_ES\" \/>\n<meta property=\"og:type\" content=\"article\" \/>\n<meta property=\"og:title\" content=\"Dicas essenciais para viajar para a Su\u00ed\u00e7a\" \/>\n<meta property=\"og:description\" content=\"longo desse post que preparamos no Intermundial, vamos falar sobre as melhores dicas para visitar Su\u00ed\u00e7a e fazer dele uma experi\u00eancia incr\u00edvel.\" \/>\n<meta property=\"og:url\" content=\"https:\/\/www.intermundial.pt\/blog\/viajar-para-a-suica\" \/>\n<meta property=\"og:site_name\" content=\"Intr\u00e9pidos\" \/>\n<meta property=\"article:published_time\" content=\"2024-08-29T00:00:00+00:00\" \/>\n<meta property=\"article:modified_time\" content=\"2024-09-19T00:00:00+00:00\" \/>\n<meta property=\"og:image\" content=\"https:\/\/www.intermundial.es\/blog\/wp-content\/uploads\/2026\/02\/67160d7cb9b344e6305cfc9b_viajar-para-a-suica.jpeg\" \/>\n\t<meta property=\"og:image:width\" content=\"800\" \/>\n\t<meta property=\"og:image:height\" content=\"450\" \/>\n\t<meta property=\"og:image:type\" content=\"image\/jpeg\" \/>\n<meta name=\"author\" content=\"Intermundial\" \/>\n<meta name=\"twitter:card\" content=\"summary_large_image\" \/>\n<meta name=\"twitter:label1\" content=\"Escrito por\" \/>\n\t<meta name=\"twitter:data1\" content=\"Intermundial\" \/>\n\t<meta name=\"twitter:label2\" content=\"Tiempo de lectura\" \/>\n\t<meta name=\"twitter:data2\" content=\"11 minutos\" \/>\n<script type=\"application\/ld+json\" class=\"yoast-schema-graph\">{\"@context\":\"https:\\\/\\\/schema.org\",\"@graph\":[{\"@type\":\"Article\",\"@id\":\"https:\\\/\\\/www.intermundial.pt\\\/blog\\\/viajar-para-a-suica#article\",\"isPartOf\":{\"@id\":\"https:\\\/\\\/www.intermundial.pt\\\/blog\\\/viajar-para-a-suica\"},\"author\":{\"name\":\"Intermundial\",\"@id\":\"https:\\\/\\\/www.intermundial.es\\\/blog\\\/#\\\/schema\\\/person\\\/4486fc24b1c2419889f1410913f66d32\"},\"headline\":\"Dicas essenciais para viajar para a Su\u00ed\u00e7a\",\"datePublished\":\"2024-08-29T00:00:00+00:00\",\"dateModified\":\"2024-09-19T00:00:00+00:00\",\"mainEntityOfPage\":{\"@id\":\"https:\\\/\\\/www.intermundial.pt\\\/blog\\\/viajar-para-a-suica\"},\"wordCount\":2246,\"commentCount\":0,\"publisher\":{\"@id\":\"https:\\\/\\\/www.intermundial.es\\\/blog\\\/#organization\"},\"image\":{\"@id\":\"https:\\\/\\\/www.intermundial.pt\\\/blog\\\/viajar-para-a-suica#primaryimage\"},\"thumbnailUrl\":\"https:\\\/\\\/www.intermundial.pt\\\/blog\\\/wp-content\\\/uploads\\\/2026\\\/02\\\/67160d7cb9b344e6305cfc9b_viajar-para-a-suica.jpeg\",\"articleSection\":[\"Uncategorized\"],\"inLanguage\":\"es\",\"potentialAction\":[{\"@type\":\"CommentAction\",\"name\":\"Comment\",\"target\":[\"https:\\\/\\\/www.intermundial.pt\\\/blog\\\/viajar-para-a-suica#respond\"]}]},{\"@type\":\"WebPage\",\"@id\":\"https:\\\/\\\/www.intermundial.pt\\\/blog\\\/viajar-para-a-suica\",\"url\":\"https:\\\/\\\/www.intermundial.pt\\\/blog\\\/viajar-para-a-suica\",\"name\":\"Dicas essenciais para viajar para a Su\u00ed\u00e7a\",\"isPartOf\":{\"@id\":\"https:\\\/\\\/www.intermundial.es\\\/blog\\\/#website\"},\"primaryImageOfPage\":{\"@id\":\"https:\\\/\\\/www.intermundial.pt\\\/blog\\\/viajar-para-a-suica#primaryimage\"},\"image\":{\"@id\":\"https:\\\/\\\/www.intermundial.pt\\\/blog\\\/viajar-para-a-suica#primaryimage\"},\"thumbnailUrl\":\"https:\\\/\\\/www.intermundial.pt\\\/blog\\\/wp-content\\\/uploads\\\/2026\\\/02\\\/67160d7cb9b344e6305cfc9b_viajar-para-a-suica.jpeg\",\"datePublished\":\"2024-08-29T00:00:00+00:00\",\"dateModified\":\"2024-09-19T00:00:00+00:00\",\"description\":\"longo desse post que preparamos no Intermundial, vamos falar sobre as melhores dicas para visitar Su\u00ed\u00e7a e fazer dele uma experi\u00eancia incr\u00edvel.\",\"breadcrumb\":{\"@id\":\"https:\\\/\\\/www.intermundial.pt\\\/blog\\\/viajar-para-a-suica#breadcrumb\"},\"inLanguage\":\"es\",\"potentialAction\":[{\"@type\":\"ReadAction\",\"target\":[\"https:\\\/\\\/www.intermundial.pt\\\/blog\\\/viajar-para-a-suica\"]}]},{\"@type\":\"ImageObject\",\"inLanguage\":\"es\",\"@id\":\"https:\\\/\\\/www.intermundial.pt\\\/blog\\\/viajar-para-a-suica#primaryimage\",\"url\":\"https:\\\/\\\/www.intermundial.pt\\\/blog\\\/wp-content\\\/uploads\\\/2026\\\/02\\\/67160d7cb9b344e6305cfc9b_viajar-para-a-suica.jpeg\",\"contentUrl\":\"https:\\\/\\\/www.intermundial.pt\\\/blog\\\/wp-content\\\/uploads\\\/2026\\\/02\\\/67160d7cb9b344e6305cfc9b_viajar-para-a-suica.jpeg\",\"width\":800,\"height\":450},{\"@type\":\"BreadcrumbList\",\"@id\":\"https:\\\/\\\/www.intermundial.pt\\\/blog\\\/viajar-para-a-suica#breadcrumb\",\"itemListElement\":[{\"@type\":\"ListItem\",\"position\":1,\"name\":\"Portada\",\"item\":\"https:\\\/\\\/www.intermundial.es\\\/blog\\\/\"},{\"@type\":\"ListItem\",\"position\":2,\"name\":\"Dicas essenciais para viajar para a Su\u00ed\u00e7a\"}]},{\"@type\":\"WebSite\",\"@id\":\"https:\\\/\\\/www.intermundial.es\\\/blog\\\/#website\",\"url\":\"https:\\\/\\\/www.intermundial.es\\\/blog\\\/\",\"name\":\"Intr\u00e9pidos\",\"description\":\"El blog de viajes de Intermundial\",\"publisher\":{\"@id\":\"https:\\\/\\\/www.intermundial.es\\\/blog\\\/#organization\"},\"potentialAction\":[{\"@type\":\"SearchAction\",\"target\":{\"@type\":\"EntryPoint\",\"urlTemplate\":\"https:\\\/\\\/www.intermundial.es\\\/blog\\\/?s={search_term_string}\"},\"query-input\":{\"@type\":\"PropertyValueSpecification\",\"valueRequired\":true,\"valueName\":\"search_term_string\"}}],\"inLanguage\":\"es\"},{\"@type\":\"Organization\",\"@id\":\"https:\\\/\\\/www.intermundial.es\\\/blog\\\/#organization\",\"name\":\"Intr\u00e9pidos\",\"url\":\"https:\\\/\\\/www.intermundial.es\\\/blog\\\/\",\"logo\":{\"@type\":\"ImageObject\",\"inLanguage\":\"es\",\"@id\":\"https:\\\/\\\/www.intermundial.es\\\/blog\\\/#\\\/schema\\\/logo\\\/image\\\/\",\"url\":\"https:\\\/\\\/www.intermundial.pt\\\/blog\\\/wp-content\\\/uploads\\\/2026\\\/01\\\/logo-blog-intrepidos-intermundial-es-pt.webp\",\"contentUrl\":\"https:\\\/\\\/www.intermundial.pt\\\/blog\\\/wp-content\\\/uploads\\\/2026\\\/01\\\/logo-blog-intrepidos-intermundial-es-pt.webp\",\"width\":500,\"height\":96,\"caption\":\"Intr\u00e9pidos\"},\"image\":{\"@id\":\"https:\\\/\\\/www.intermundial.es\\\/blog\\\/#\\\/schema\\\/logo\\\/image\\\/\"}},{\"@type\":\"Person\",\"@id\":\"https:\\\/\\\/www.intermundial.es\\\/blog\\\/#\\\/schema\\\/person\\\/4486fc24b1c2419889f1410913f66d32\",\"name\":\"Intermundial\",\"image\":{\"@type\":\"ImageObject\",\"inLanguage\":\"es\",\"@id\":\"https:\\\/\\\/secure.gravatar.com\\\/avatar\\\/fd92da9e8cb710fca24918d1f53dd87a2004fdbd3e1f3c846b18ada8038ea40b?s=96&d=https%3A%2F%2Fwww.intermundial.pt%2Fblog%2Fwp-content%2Fthemes%2Fintermundial%2Fassets%2Fimg%2Fcropped-favicon-intermundial-1024x.png&r=g\",\"url\":\"https:\\\/\\\/secure.gravatar.com\\\/avatar\\\/fd92da9e8cb710fca24918d1f53dd87a2004fdbd3e1f3c846b18ada8038ea40b?s=96&d=https%3A%2F%2Fwww.intermundial.pt%2Fblog%2Fwp-content%2Fthemes%2Fintermundial%2Fassets%2Fimg%2Fcropped-favicon-intermundial-1024x.png&r=g\",\"contentUrl\":\"https:\\\/\\\/secure.gravatar.com\\\/avatar\\\/fd92da9e8cb710fca24918d1f53dd87a2004fdbd3e1f3c846b18ada8038ea40b?s=96&d=https%3A%2F%2Fwww.intermundial.pt%2Fblog%2Fwp-content%2Fthemes%2Fintermundial%2Fassets%2Fimg%2Fcropped-favicon-intermundial-1024x.png&r=g\",\"caption\":\"Intermundial\"},\"description\":\"En Intermundial, entendemos que viajar es mucho m\u00e1s que llegar a un destino: es vivir experiencias \u00fanicas y memorables. Por eso, desde nuestro blog compartimos inspiraci\u00f3n y consejos \u00fatiles para ayudarte a planificar tus viajes y disfrutar de ellos con total tranquilidad. Expertos en seguros de viaje desde hace 30 a\u00f1os, te ofrecemos informaci\u00f3n sobre planificaci\u00f3n, documentaci\u00f3n, cuestiones sanitarias y todo lo que necesitas saber sobre tu destino. Nuestra misi\u00f3n es protegerte antes, durante y despu\u00e9s del viaje, para que tus aventuras sean siempre seguras y sin preocupaciones.\",\"url\":\"https:\\\/\\\/www.intermundial.es\\\/blog\\\/autor\\\/intermundial\"}]}<\/script>\n<!-- \/ Yoast SEO plugin. -->","yoast_head_json":{"title":"Dicas essenciais para viajar para a Su\u00ed\u00e7a","description":"longo desse post que preparamos no Intermundial, vamos falar sobre as melhores dicas para visitar Su\u00ed\u00e7a e fazer dele uma experi\u00eancia incr\u00edvel.","robots":{"index":"index","follow":"follow","max-snippet":"max-snippet:-1","max-image-preview":"max-image-preview:large","max-video-preview":"max-video-preview:-1"},"canonical":"https:\/\/www.intermundial.pt\/blog\/viajar-para-a-suica","og_locale":"es_ES","og_type":"article","og_title":"Dicas essenciais para viajar para a Su\u00ed\u00e7a","og_description":"longo desse post que preparamos no Intermundial, vamos falar sobre as melhores dicas para visitar Su\u00ed\u00e7a e fazer dele uma experi\u00eancia incr\u00edvel.","og_url":"https:\/\/www.intermundial.pt\/blog\/viajar-para-a-suica","og_site_name":"Intr\u00e9pidos","article_published_time":"2024-08-29T00:00:00+00:00","article_modified_time":"2024-09-19T00:00:00+00:00","og_image":[{"width":800,"height":450,"url":"https:\/\/www.intermundial.es\/blog\/wp-content\/uploads\/2026\/02\/67160d7cb9b344e6305cfc9b_viajar-para-a-suica.jpeg","type":"image\/jpeg"}],"author":"Intermundial","twitter_card":"summary_large_image","twitter_misc":{"Escrito por":"Intermundial","Tiempo de lectura":"11 minutos"},"schema":{"@context":"https:\/\/schema.org","@graph":[{"@type":"Article","@id":"https:\/\/www.intermundial.pt\/blog\/viajar-para-a-suica#article","isPartOf":{"@id":"https:\/\/www.intermundial.pt\/blog\/viajar-para-a-suica"},"author":{"name":"Intermundial","@id":"https:\/\/www.intermundial.es\/blog\/#\/schema\/person\/4486fc24b1c2419889f1410913f66d32"},"headline":"Dicas essenciais para viajar para a Su\u00ed\u00e7a","datePublished":"2024-08-29T00:00:00+00:00","dateModified":"2024-09-19T00:00:00+00:00","mainEntityOfPage":{"@id":"https:\/\/www.intermundial.pt\/blog\/viajar-para-a-suica"},"wordCount":2246,"commentCount":0,"publisher":{"@id":"https:\/\/www.intermundial.es\/blog\/#organization"},"image":{"@id":"https:\/\/www.intermundial.pt\/blog\/viajar-para-a-suica#primaryimage"},"thumbnailUrl":"https:\/\/www.intermundial.pt\/blog\/wp-content\/uploads\/2026\/02\/67160d7cb9b344e6305cfc9b_viajar-para-a-suica.jpeg","articleSection":["Uncategorized"],"inLanguage":"es","potentialAction":[{"@type":"CommentAction","name":"Comment","target":["https:\/\/www.intermundial.pt\/blog\/viajar-para-a-suica#respond"]}]},{"@type":"WebPage","@id":"https:\/\/www.intermundial.pt\/blog\/viajar-para-a-suica","url":"https:\/\/www.intermundial.pt\/blog\/viajar-para-a-suica","name":"Dicas essenciais para viajar para a Su\u00ed\u00e7a","isPartOf":{"@id":"https:\/\/www.intermundial.es\/blog\/#website"},"primaryImageOfPage":{"@id":"https:\/\/www.intermundial.pt\/blog\/viajar-para-a-suica#primaryimage"},"image":{"@id":"https:\/\/www.intermundial.pt\/blog\/viajar-para-a-suica#primaryimage"},"thumbnailUrl":"https:\/\/www.intermundial.pt\/blog\/wp-content\/uploads\/2026\/02\/67160d7cb9b344e6305cfc9b_viajar-para-a-suica.jpeg","datePublished":"2024-08-29T00:00:00+00:00","dateModified":"2024-09-19T00:00:00+00:00","description":"longo desse post que preparamos no Intermundial, vamos falar sobre as melhores dicas para visitar Su\u00ed\u00e7a e fazer dele uma experi\u00eancia incr\u00edvel.","breadcrumb":{"@id":"https:\/\/www.intermundial.pt\/blog\/viajar-para-a-suica#breadcrumb"},"inLanguage":"es","potentialAction":[{"@type":"ReadAction","target":["https:\/\/www.intermundial.pt\/blog\/viajar-para-a-suica"]}]},{"@type":"ImageObject","inLanguage":"es","@id":"https:\/\/www.intermundial.pt\/blog\/viajar-para-a-suica#primaryimage","url":"https:\/\/www.intermundial.pt\/blog\/wp-content\/uploads\/2026\/02\/67160d7cb9b344e6305cfc9b_viajar-para-a-suica.jpeg","contentUrl":"https:\/\/www.intermundial.pt\/blog\/wp-content\/uploads\/2026\/02\/67160d7cb9b344e6305cfc9b_viajar-para-a-suica.jpeg","width":800,"height":450},{"@type":"BreadcrumbList","@id":"https:\/\/www.intermundial.pt\/blog\/viajar-para-a-suica#breadcrumb","itemListElement":[{"@type":"ListItem","position":1,"name":"Portada","item":"https:\/\/www.intermundial.es\/blog\/"},{"@type":"ListItem","position":2,"name":"Dicas essenciais para viajar para a Su\u00ed\u00e7a"}]},{"@type":"WebSite","@id":"https:\/\/www.intermundial.es\/blog\/#website","url":"https:\/\/www.intermundial.es\/blog\/","name":"Intr\u00e9pidos","description":"El blog de viajes de Intermundial","publisher":{"@id":"https:\/\/www.intermundial.es\/blog\/#organization"},"potentialAction":[{"@type":"SearchAction","target":{"@type":"EntryPoint","urlTemplate":"https:\/\/www.intermundial.es\/blog\/?s={search_term_string}"},"query-input":{"@type":"PropertyValueSpecification","valueRequired":true,"valueName":"search_term_string"}}],"inLanguage":"es"},{"@type":"Organization","@id":"https:\/\/www.intermundial.es\/blog\/#organization","name":"Intr\u00e9pidos","url":"https:\/\/www.intermundial.es\/blog\/","logo":{"@type":"ImageObject","inLanguage":"es","@id":"https:\/\/www.intermundial.es\/blog\/#\/schema\/logo\/image\/","url":"https:\/\/www.intermundial.pt\/blog\/wp-content\/uploads\/2026\/01\/logo-blog-intrepidos-intermundial-es-pt.webp","contentUrl":"https:\/\/www.intermundial.pt\/blog\/wp-content\/uploads\/2026\/01\/logo-blog-intrepidos-intermundial-es-pt.webp","width":500,"height":96,"caption":"Intr\u00e9pidos"},"image":{"@id":"https:\/\/www.intermundial.es\/blog\/#\/schema\/logo\/image\/"}},{"@type":"Person","@id":"https:\/\/www.intermundial.es\/blog\/#\/schema\/person\/4486fc24b1c2419889f1410913f66d32","name":"Intermundial","image":{"@type":"ImageObject","inLanguage":"es","@id":"https:\/\/secure.gravatar.com\/avatar\/fd92da9e8cb710fca24918d1f53dd87a2004fdbd3e1f3c846b18ada8038ea40b?s=96&d=https%3A%2F%2Fwww.intermundial.pt%2Fblog%2Fwp-content%2Fthemes%2Fintermundial%2Fassets%2Fimg%2Fcropped-favicon-intermundial-1024x.png&r=g","url":"https:\/\/secure.gravatar.com\/avatar\/fd92da9e8cb710fca24918d1f53dd87a2004fdbd3e1f3c846b18ada8038ea40b?s=96&d=https%3A%2F%2Fwww.intermundial.pt%2Fblog%2Fwp-content%2Fthemes%2Fintermundial%2Fassets%2Fimg%2Fcropped-favicon-intermundial-1024x.png&r=g","contentUrl":"https:\/\/secure.gravatar.com\/avatar\/fd92da9e8cb710fca24918d1f53dd87a2004fdbd3e1f3c846b18ada8038ea40b?s=96&d=https%3A%2F%2Fwww.intermundial.pt%2Fblog%2Fwp-content%2Fthemes%2Fintermundial%2Fassets%2Fimg%2Fcropped-favicon-intermundial-1024x.png&r=g","caption":"Intermundial"},"description":"En Intermundial, entendemos que viajar es mucho m\u00e1s que llegar a un destino: es vivir experiencias \u00fanicas y memorables. Por eso, desde nuestro blog compartimos inspiraci\u00f3n y consejos \u00fatiles para ayudarte a planificar tus viajes y disfrutar de ellos con total tranquilidad. Expertos en seguros de viaje desde hace 30 a\u00f1os, te ofrecemos informaci\u00f3n sobre planificaci\u00f3n, documentaci\u00f3n, cuestiones sanitarias y todo lo que necesitas saber sobre tu destino. Nuestra misi\u00f3n es protegerte antes, durante y despu\u00e9s del viaje, para que tus aventuras sean siempre seguras y sin preocupaciones.","url":"https:\/\/www.intermundial.es\/blog\/autor\/intermundial"}]}},"_links":{"self":[{"href":"https:\/\/www.intermundial.pt\/blog\/wp-json\/wp\/v2\/posts\/19003","targetHints":{"allow":["GET"]}}],"collection":[{"href":"https:\/\/www.intermundial.pt\/blog\/wp-json\/wp\/v2\/posts"}],"about":[{"href":"https:\/\/www.intermundial.pt\/blog\/wp-json\/wp\/v2\/types\/post"}],"author":[{"embeddable":true,"href":"https:\/\/www.intermundial.pt\/blog\/wp-json\/wp\/v2\/users\/6"}],"replies":[{"embeddable":true,"href":"https:\/\/www.intermundial.pt\/blog\/wp-json\/wp\/v2\/comments?post=19003"}],"version-history":[{"count":3,"href":"https:\/\/www.intermundial.pt\/blog\/wp-json\/wp\/v2\/posts\/19003\/revisions"}],"predecessor-version":[{"id":21091,"href":"https:\/\/www.intermundial.pt\/blog\/wp-json\/wp\/v2\/posts\/19003\/revisions\/21091"}],"wp:featuredmedia":[{"embeddable":true,"href":"https:\/\/www.intermundial.pt\/blog\/wp-json\/wp\/v2\/media\/19007"}],"wp:attachment":[{"href":"https:\/\/www.intermundial.pt\/blog\/wp-json\/wp\/v2\/media?parent=19003"}],"wp:term":[{"taxonomy":"category","embeddable":true,"href":"https:\/\/www.intermundial.pt\/blog\/wp-json\/wp\/v2\/categories?post=19003"},{"taxonomy":"post_tag","embeddable":true,"href":"https:\/\/www.intermundial.pt\/blog\/wp-json\/wp\/v2\/tags?post=19003"}],"curies":[{"name":"wp","href":"https:\/\/api.w.org\/{rel}","templated":true}]}}